{"id":21381,"date":"2023-10-19T09:57:07","date_gmt":"2023-10-19T07:57:07","guid":{"rendered":"https:\/\/orbiseurope.eu\/?p=21381"},"modified":"2025-07-01T20:09:33","modified_gmt":"2025-07-01T18:09:33","slug":"capas-intermedias-collarines-palets","status":"publish","type":"post","link":"https:\/\/orbiseurope.eu\/es\/capas-intermedias-collarines-palets\/","title":{"rendered":"Capas Intermedias y Collarines"},"content":{"rendered":"<div class=\"wpb-content-wrapper\"><p>[vc_row css_animation=\u00bb\u00bb row_type=\u00bbrow\u00bb use_row_as_full_screen_section=\u00bbno\u00bb type=\u00bbgrid\u00bb angled_section=\u00bbno\u00bb text_align=\u00bbleft\u00bb background_image_as_pattern=\u00bbwithout_pattern\u00bb bg_type=\u00bbbg_color\u00bb z_index=\u00bb\u00bb bg_color_value=\u00bb#e9f2f1&#8243; css=\u00bb.vc_custom_1588581767441{margin-top: -25px !important;}\u00bb][vc_column width=\u00bb1\/2&#8243;][vc_empty_space height=\u00bb30px\u00bb][vc_column_text]<\/p>\n<h1><span style=\"color: #636363; font-family: boldit;\">CAPAS INTERMEDIAS Y COLLARINES <\/span><\/h1>\n<p>[\/vc_column_text][vc_column_text]<span style=\"font-size: 20pt; color: #636363;\"><em><span style=\"font-family: light;\">PARA PALETS\u00a0PARA ALIMENTOS Y BEBIDAS<\/span><br \/>\n<\/em><\/span>[\/vc_column_text][vc_empty_space height=\u00bb20px\u00bb][vc_row_inner row_type=\u00bbrow\u00bb type=\u00bbfull_width\u00bb text_align=\u00bbleft\u00bb css_animation=\u00bb\u00bb el_class=\u00bbpunktedreier\u00bb][vc_column_inner width=\u00bb1\/3&#8243;][vc_column_text]<img decoding=\"async\" class=\"iconheader alignnone wp-image-4714 size-full\" src=\"https:\/\/orbiseurope.eu\/wp-content\/uploads\/2020\/04\/Element-1@3x.png\" alt=\"\" width=\"78\" height=\"77\" \/><strong>INNOVADOR<\/strong>[\/vc_column_text][\/vc_column_inner][vc_column_inner width=\u00bb1\/3&#8243;][vc_column_text]<img decoding=\"async\" class=\"iconheader alignnone wp-image-4721 size-full\" src=\"https:\/\/orbiseurope.eu\/wp-content\/uploads\/2020\/04\/Element-2@3x.png\" alt=\"\" width=\"55\" height=\"56\" \/><strong>RESISTENTE<\/strong>[\/vc_column_text][\/vc_column_inner][vc_column_inner width=\u00bb1\/3&#8243;][vc_column_text]<img decoding=\"async\" class=\"iconheader alignnone wp-image-4727 size-full\" src=\"https:\/\/orbiseurope.eu\/wp-content\/uploads\/2020\/04\/Element-3@3x.png\" alt=\"\" width=\"54\" height=\"61\" \/><strong>SOSTENIBLE<\/strong>[\/vc_column_text][\/vc_column_inner][\/vc_row_inner][vc_row_inner row_type=\u00bbrow\u00bb type=\u00bbfull_width\u00bb text_align=\u00bbleft\u00bb css_animation=\u00bb\u00bb el_class=\u00bbhighlighttext\u00bb][vc_column_inner][vc_empty_space height=\u00bb50px\u00bb][vc_column_text]<span style=\"color: #046f66;\">ASPECTOS DESTACADOS<\/span>[\/vc_column_text][vc_column_text]Apto para palets para bebidas de ORBIS<br \/>\nDuraderos y resistentes a la humedad<br \/>\nGran sujeci\u00f3n de la carga<br \/>\nPosibilidad de imprimir etiquetas directamente<br \/>\nTama\u00f1os individuales disponibles[\/vc_column_text][vc_empty_space height=\u00bb30px\u00bb][\/vc_column_inner][\/vc_row_inner][\/vc_column][vc_column width=\u00bb1\/2&#8243; el_class=\u00bbanimationshalter\u00bb offset=\u00bbvc_hidden-xs\u00bb][vc_empty_space height=\u00bb30px\u00bb][vc_empty_space height=\u00bb30px\u00bb][vc_single_image image=\u00bb5738&#8243; img_size=\u00bb400&#215;400&#8243; alignment=\u00bbright\u00bb qode_css_animation=\u00bb\u00bb][\/vc_column][\/vc_row][vc_row css_animation=\u00bb\u00bb row_type=\u00bbrow\u00bb use_row_as_full_screen_section=\u00bbno\u00bb type=\u00bbgrid\u00bb angled_section=\u00bbno\u00bb text_align=\u00bbleft\u00bb background_image_as_pattern=\u00bbwithout_pattern\u00bb z_index=\u00bb\u00bb][vc_column width=\u00bb2\/3&#8243;][vc_empty_space height=\u00bb50px\u00bb][vc_column_text]<\/p>\n<h2 style=\"text-align: left;\">Para protecci\u00f3n del producto y seguridad de la carga<\/h2>\n<p>[\/vc_column_text][vc_empty_space height=\u00bb10px\u00bb][vc_column_text]Con nuestros collarines para palets y capas intermedias, las cargas pueden <strong>apilarse de forma eficiente y segura sobre palets<\/strong>. A diferencia de las capas intermedias o los collarines para palets de cart\u00f3n ondulado o fibra dura, los accesorios de ORBIS Europe est\u00e1n fabricados con pl\u00e1stico resistente. <strong>Resisten la humedad<\/strong> y pueden reutilizarse. Las capas intermedias y los collarines para palets de pl\u00e1stico no solo impiden que la mercanc\u00eda se deslice, sino que tambi\u00e9n protegen de da\u00f1os en el producto causados por el polvo o las astillas. Las superficies lisas, las esquinas redondeadas, la resistencia qu\u00edmica y el uso de material antiest\u00e1tico contribuyen a <strong>aumentar la protecci\u00f3n de los productos<\/strong>. Las capas intermedias y los collarines para palets de pl\u00e1stico respetan el medioambiente, pueden reciclarse totalmente y reducen la cantidad de residuos. [\/vc_column_text][vc_empty_space height=\u00bb40px\u00bb][vc_column_text]<\/p>\n<h2><span style=\"font-size: 14pt;\">Adecuados para la industria de alimentos y de bebidas<br \/>\n<\/span><\/h2>\n<p>[\/vc_column_text][vc_empty_space height=\u00bb10px\u00bb][vc_column_text]<\/p>\n<div class=\"wpb_text_column wpb_content_element \">\n<div class=\"wpb_wrapper\">\n<p>Nuestros collarines para palets y capas intermedias est\u00e1n disponibles en diferentes tama\u00f1os y pueden integrarse f\u00e1cilmente en los sistemas y cadenas de suministro existentes en combinaci\u00f3n con los palets adecuados. Resultan especialmente adecuados para el <strong>transporte seguro y eficiente de bebidas<\/strong>, latas de aluminio y acero, botellas de vidrio y pl\u00e1stico u otros envases s\u00f3lidos. Su f\u00e1cil limpieza y manipulaci\u00f3n garantiza una mayor limpieza y seguridad en las cadenas de suministro de la industria de alimentos y bebidas.<\/p>\n<\/div>\n<\/div>\n<p>[\/vc_column_text][vc_empty_space height=\u00bb40px\u00bb][vc_column_text]<\/p>\n<h2 style=\"text-align: left;\"><span style=\"font-size: 14pt;\">Ventajas y valor a\u00f1adido de las capas intermedias y los collarines para palets<br \/>\n<\/span><\/h2>\n<p>[\/vc_column_text][vc_empty_space height=\u00bb10px\u00bb][vc_row_inner row_type=\u00bbrow\u00bb type=\u00bbfull_width\u00bb text_align=\u00bbleft\u00bb css_animation=\u00bb\u00bb el_class=\u00bbvorteile\u00bb][vc_column_inner width=\u00bb1\/2&#8243;][vc_column_text el_class=\u00bbvorteileitem\u00bb]<img decoding=\"async\" class=\"iconheader alignnone wp-image-4727 size-full\" src=\"https:\/\/orbiseurope.eu\/wp-content\/uploads\/2020\/04\/Element-3@3x.png\" alt=\"\" width=\"54\" height=\"61\" \/>Sostenibles: reutilizables, reciclables[\/vc_column_text][vc_column_text el_class=\u00bbvorteileitem\u00bb]<img decoding=\"async\" class=\"iconheader alignnone wp-image-4781 \" src=\"https:\/\/orbiseurope.eu\/wp-content\/uploads\/2020\/04\/Element-10@3x.png\" alt=\"\" width=\"45\" height=\"38\" \/> Calidad y r\u00e1pido retorno de la inversi\u00f3n[\/vc_column_text][vc_column_text el_class=\u00bbvorteileitem\u00bb]<img decoding=\"async\" class=\"iconheader alignnone wp-image-4772 size-full\" src=\"https:\/\/orbiseurope.eu\/wp-content\/uploads\/2020\/04\/Element-6@3x.png\" alt=\"\" width=\"51\" height=\"42\" \/>Menos da\u00f1os al producto[\/vc_column_text][\/vc_column_inner][vc_column_inner width=\u00bb1\/2&#8243;][vc_column_text el_class=\u00bbvorteileitem\u00bb]<img decoding=\"async\" class=\"iconheader alignnone wp-image-4721 size-full\" src=\"https:\/\/orbiseurope.eu\/wp-content\/uploads\/2020\/04\/Element-2@3x.png\" alt=\"\" width=\"55\" height=\"56\" \/>Resistentes a la humedad[\/vc_column_text][vc_column_text el_class=\u00bbvorteileitem\u00bb]<img decoding=\"async\" class=\"iconheader alignnone wp-image-4775 \" src=\"https:\/\/orbiseurope.eu\/wp-content\/uploads\/2020\/04\/Element-8@3x.png\" alt=\"\" width=\"51\" height=\"38\" \/>Apilado seguro de las cargas[\/vc_column_text][vc_column_text el_class=\u00bbvorteileitem\u00bb]<img decoding=\"async\" class=\"iconheader alignnone wp-image-4769 size-full\" src=\"https:\/\/orbiseurope.eu\/wp-content\/uploads\/2020\/04\/Element-4@3x.png\" alt=\"\" width=\"68\" height=\"60\" \/>Recompra de contenedores reciclables[\/vc_column_text][\/vc_column_inner][\/vc_row_inner][vc_empty_space height=\u00bb70px\u00bb][\/vc_column][vc_column width=\u00bb1\/3&#8243; el_class=\u00bbsidebarright\u00bb][vc_empty_space height=\u00bb55px\u00bb][vc_column_text]<\/p>\n<h3 style=\"text-align: left;\">Variantes disponibles<\/h3>\n<p>[\/vc_column_text][vc_empty_space height=\u00bb10px\u00bb][vc_column_text el_class=\u00bbauflistung\u00bb]<\/p>\n<table border=\"0\" width=\"306\">\n<tbody>\n<tr>\n<td><strong>Capas intermedias<\/strong><\/td>\n<\/tr>\n<tr>\n<td><strong>Collarines para palets<\/strong><\/td>\n<\/tr>\n<tr>\n<td><strong>Palets para bebidas<\/strong><\/td>\n<\/tr>\n<\/tbody>\n<\/table>\n<p>[\/vc_column_text][vc_empty_space height=\u00bb35px\u00bb][vc_column_text]<\/p>\n<h3 style=\"text-align: left;\">Descargas<\/h3>\n<p>[\/vc_column_text][vc_empty_space height=\u00bb10px\u00bb][vc_column_text el_class=\u00bbdlicon\u00bb]<a href=\"https:\/\/orbiseurope.eu\/wp-content\/uploads\/2021\/03\/ORBIS-Layer-Pads-EN.pdf\" target=\"_blank\" rel=\"noopener noreferrer\"><strong>Ficha de capas intermedias <\/strong><\/a><br \/>\n<small>4MB, PDF<\/small>[\/vc_column_text][vc_empty_space height=\u00bb10px\u00bb][vc_column_text el_class=\u00bbdlicon\u00bb]<a href=\"https:\/\/orbiseurope.eu\/wp-content\/uploads\/2021\/03\/ORBIS-Top-Frames-EN.pdf\" target=\"_blank\" rel=\"noopener noreferrer\"><strong>Ficha de collarines para palets <\/strong><\/a><br \/>\n<small>4MB, PDF<\/small>[\/vc_column_text][vc_empty_space height=\u00bb10px\u00bb][vc_column_text el_class=\u00bbdlicon\u00bb]<a href=\"https:\/\/orbiseurope.eu\/en\/orbis-product-catalog\/\" target=\"_blank\" rel=\"noopener noreferrer\"><strong>Cat\u00e1logo de productos ORBIS Europe<\/strong><\/a><br \/>\n<small>Digital<\/small>[\/vc_column_text][vc_empty_space height=\u00bb35px\u00bb][vc_column_text]<\/p>\n<h3 style=\"text-align: left;\">M\u00e1s informaci\u00f3n<\/h3>\n<p>[\/vc_column_text][vc_empty_space height=\u00bb10px\u00bb][vc_column_text]\u00bfLe interesa nuestra gama de productos? Estaremos encantados de enviarle material detallado sobre nuestros productos.[\/vc_column_text][vc_empty_space height=\u00bb15px\u00bb]<a  itemprop=\"url\" href=\"https:\/\/orbiseurope.eu\/es\/contacto\/\" target=\"_self\" data-hover-background-color=#046f66 data-hover-border-color=#046f66 data-hover-color=#ffffff class=\"qbutton  default newbutton\" style=\"color: #ffffff; border-color: #046f66; border-radius: 50px;-moz-border-radius: 50px;-webkit-border-radius: 50px; background-color: #046f66;\">Solicitar<\/a>[\/vc_column][\/vc_row][vc_row css_animation=\u00bb\u00bb row_type=\u00bbrow\u00bb use_row_as_full_screen_section=\u00bbno\u00bb type=\u00bbgrid\u00bb angled_section=\u00bbno\u00bb text_align=\u00bbleft\u00bb background_image_as_pattern=\u00bbwithout_pattern\u00bb bg_type=\u00bbbg_color\u00bb z_index=\u00bb\u00bb bg_color_value=\u00bb#e9f2f1&#8243;][vc_column][vc_empty_space height=\u00bb50px\u00bb][vc_row_inner row_type=\u00bbrow\u00bb type=\u00bbfull_width\u00bb text_align=\u00bbleft\u00bb css_animation=\u00bb\u00bb][vc_column_inner width=\u00bb1\/2&#8243;][vc_empty_space height=\u00bb10px\u00bb][vc_single_image image=\u00bb5815&#8243; img_size=\u00bb580&#215;250&#8243; qode_css_animation=\u00bb\u00bb][vc_table allow_html=\u00bb1&#8243; el_class=\u00bbproducttabelle\u00bb][b]Tama%C3%B1os%20t%C3%ADpicos%20de%20las%20calas%20(mm)%3A,|800%20x%201200,1120%20x%201420|1000%20x%201200,1180%20x%201250|1120%20x%201300,1200%20x%201350[\/vc_table][\/vc_column_inner][vc_column_inner width=\u00bb1\/2&#8243;][vc_column_text]<\/p>\n<h2><span style=\"font-size: 14pt;\">Capas intermedias<br \/>\n<\/span><\/h2>\n<p>[\/vc_column_text][vc_column_text]<\/p>\n<div class=\"wpb_text_column wpb_content_element \">\n<div class=\"wpb_wrapper\">\n<div class=\"wpb_text_column wpb_content_element \">\n<div class=\"wpb_wrapper\">\n<p>Las capas intermedias permiten separar y apilar cargas de forma segura. Ofrecen la m\u00e1xima protecci\u00f3n del producto y una estabilidad \u00f3ptima de la carga para el transporte de alimentos y bebidas. Las capas intermedias reutilizables de ORBIS Europe pueden limpiarse c\u00f3modamente y son higi\u00e9nicas gracias al uso de pl\u00e1stico.<\/p>\n<div class=\"wpb_text_column wpb_content_element \">\n<div class=\"wpb_wrapper\">\n<p><strong>Opciones de productos<\/strong><\/p>\n<\/div>\n<\/div>\n<div class=\"wpb_text_column wpb_content_element \">\n<div class=\"wpb_wrapper\">\n<ul>\n<li>Uso flexible en diferentes \u00e1mbitos<\/li>\n<li>Reducci\u00f3n del riesgo de deslizamiento<\/li>\n<li>Protecci\u00f3n contra da\u00f1os por impactos<\/li>\n<li><span id=\"truncatedDescription\">Forma estable, limpieza sencilla<\/span><span id=\"truncatedDescription\"><br \/>\n<\/span><\/li>\n<li>Posibilidad de imprimir el nombre y el logotipo del cliente directamente<\/li>\n<li>Grosor de las capas: 0,64 mm a 5 mm<\/li>\n<li>Tama\u00f1os individuales disponibles<\/li>\n<\/ul>\n<\/div>\n<\/div>\n<\/div>\n<\/div>\n<\/div>\n<\/div>\n<p>[\/vc_column_text][vc_empty_space height=\u00bb20px\u00bb][\/vc_column_inner][\/vc_row_inner][vc_empty_space height=\u00bb30px\u00bb][\/vc_column][\/vc_row][vc_row css_animation=\u00bb\u00bb row_type=\u00bbrow\u00bb use_row_as_full_screen_section=\u00bbno\u00bb type=\u00bbgrid\u00bb angled_section=\u00bbno\u00bb text_align=\u00bbleft\u00bb background_image_as_pattern=\u00bbwithout_pattern\u00bb z_index=\u00bb\u00bb][vc_column width=\u00bb1\/2&#8243;][vc_empty_space height=\u00bb40px\u00bb][vc_column_text]<\/p>\n<h2><span style=\"font-size: 14pt;\">Collarines para palets<br \/>\n<\/span><\/h2>\n<p>[\/vc_column_text][qode_elements_holder number_of_columns=\u00bbtwo_columns\u00bb][qode_elements_holder_item background_color=\u00bb#ffffff\u00bb advanced_animations=\u00bbno\u00bb][vc_column_text]Los collarines para palets<span id=\"truncatedDescription\"><\/span> se utilizan para mantener juntos los palets llenos de bebidas, como latas de aluminio, botellas de vidrio\/PET, durante su almacenamiento y durante el transporte. Nuestros collarines para palets est\u00e1n fabricados de pl\u00e1stico y resultan adecuados para diferentes campos de aplicaci\u00f3n en los que los productos deben protegerse y mantenerse limpios. En combinaci\u00f3n con los palets de pl\u00e1stico y las capas intermedias, estabilizan y aseguran la carga.<\/p>\n<div class=\"wpb_text_column wpb_content_element \">\n<div class=\"wpb_wrapper\">\n<p><strong>Opciones de productos:<\/strong><\/p>\n<\/div>\n<\/div>\n<div class=\"wpb_text_column wpb_content_element \">\n<div class=\"wpb_wrapper\">\n<ul>\n<li>Protecci\u00f3n contra el polvo y la suciedad<\/li>\n<li>Posibilidad de imprimir el nombre y el logotipo del cliente<\/li>\n<li>Tama\u00f1os individuales disponibles<\/li>\n<\/ul>\n<\/div>\n<\/div>\n<p>[\/vc_column_text][vc_empty_space height=\u00bb20px\u00bb][\/qode_elements_holder_item][\/qode_elements_holder][\/vc_column][vc_column width=\u00bb1\/2&#8243;][vc_empty_space height=\u00bb10px\u00bb][vc_single_image image=\u00bb2222&#8243; img_size=\u00bb400&#215;200&#8243; qode_css_animation=\u00bb\u00bb][vc_table allow_html=\u00bb1&#8243; el_class=\u00bbproducttabelle\u00bb][b]Tama%C3%B1os%20t%C3%ADpicos%20de%20las%20collarines%20(mm)%3A,|800%20x%201200,1120%20x%201420|1000%20x%201200,1180%20x%201250|1120%20x%201300,1200%20x%201350[\/vc_table][\/vc_column][vc_column offset=\u00bbvc_hidden-xs\u00bb][\/vc_column][\/vc_row][vc_row css_animation=\u00bb\u00bb row_type=\u00bbrow\u00bb use_row_as_full_screen_section=\u00bbno\u00bb type=\u00bbgrid\u00bb angled_section=\u00bbno\u00bb text_align=\u00bbleft\u00bb background_image_as_pattern=\u00bbwithout_pattern\u00bb bg_type=\u00bbbg_color\u00bb z_index=\u00bb\u00bb bg_color_value=\u00bb#e9f2f1&#8243;][vc_column][vc_empty_space height=\u00bb50px\u00bb][vc_row_inner row_type=\u00bbrow\u00bb type=\u00bbfull_width\u00bb text_align=\u00bbleft\u00bb css_animation=\u00bb\u00bb][vc_column_inner width=\u00bb3\/5&#8243;][vc_column_text]<\/p>\n<h2>Solicite su oferta personalizada<\/h2>\n<p>[\/vc_column_text][vc_empty_space height=\u00bb20px\u00bb][vc_raw_html]JTNDaWZyYW1lJTIwc3JjJTNEJTIyaHR0cHMlM0ElMkYlMkZpbmZvLm9yYmlzZXVyb3BlLmV1JTJGbCUyRjYxODc4MSUyRjIwMjMtMDYtMjMlMkZoNXlwbW4lMjIlMjB3aWR0aCUzRCUyMjEwMCUyNSUyMiUyMGhlaWdodCUzRCUyMjY3MCUyMiUyMHR5cGUlM0QlMjJ0ZXh0JTJGaHRtbCUyMiUyMGZyYW1lYm9yZGVyJTNEJTIyMCUyMiUyMGFsbG93VHJhbnNwYXJlbmN5JTNEJTIydHJ1ZSUyMiUyMHN0eWxlJTNEJTIyYm9yZGVyJTNBJTIwMCUyMiUzRSUzQyUyRmlmcmFtZSUzRQ==[\/vc_raw_html][\/vc_column_inner][vc_column_inner width=\u00bb2\/5&#8243;][vc_column_text]<\/p>\n<h2>Su persona de contacto<\/h2>\n<p>[\/vc_column_text][vc_empty_space height=\u00bb30px\u00bb][vc_column_text el_class=\u00bbansprechpartner\u00bb]<\/p>\n<h3>Equipo de ventas en Europa<\/h3>\n<p>&nbsp;<\/p>\n<p><span style=\"font-size: 14pt;\"><strong><img decoding=\"async\" class=\"alignnone wp-image-5027\" src=\"https:\/\/orbiseurope.eu\/wp-content\/uploads\/2020\/04\/phone.png\" alt=\"\" width=\"14\" height=\"14\" srcset=\"https:\/\/orbiseurope.eu\/wp-content\/uploads\/2020\/04\/phone.png 512w, https:\/\/orbiseurope.eu\/wp-content\/uploads\/2020\/04\/phone-150x150.png 150w, https:\/\/orbiseurope.eu\/wp-content\/uploads\/2020\/04\/phone-500x512.png 500w, https:\/\/orbiseurope.eu\/wp-content\/uploads\/2020\/04\/phone-100x100.png 100w\" sizes=\"(max-width: 14px) 100vw, 14px\" \/> \u00a0\u00a0 +49 2233 619 2072<br \/>\n<\/strong><\/span><\/p>\n<p><span style=\"font-size: 14pt;\"><img decoding=\"async\" class=\"alignnone wp-image-5030\" src=\"https:\/\/orbiseurope.eu\/wp-content\/uploads\/2020\/04\/mail.png\" alt=\"\" width=\"14\" height=\"14\" srcset=\"https:\/\/orbiseurope.eu\/wp-content\/uploads\/2020\/04\/mail.png 512w, https:\/\/orbiseurope.eu\/wp-content\/uploads\/2020\/04\/mail-150x150.png 150w, https:\/\/orbiseurope.eu\/wp-content\/uploads\/2020\/04\/mail-500x512.png 500w, https:\/\/orbiseurope.eu\/wp-content\/uploads\/2020\/04\/mail-100x100.png 100w\" sizes=\"(max-width: 14px) 100vw, 14px\" \/> \u00a0\u00a0 <\/span><a href=\"mailto:europe@orbiscorporation.com\" target=\"_blank\" rel=\"noopener noreferrer\"><strong><span style=\"font-size: 14pt;\">europe@orbiscorporation.com<\/span><\/strong><\/a>[\/vc_column_text][vc_empty_space height=\u00bb20px\u00bb][vc_column_text el_class=\u00bbcleait2&#8243;]Si tiene alguna pregunta sobre nuestros productos o<br \/>\ndesea recibir una oferta individual, estaremos<br \/>\nencantados de ayudarle en cualquier momento.[\/vc_column_text][vc_empty_space height=\u00bb20px\u00bb][\/vc_column_inner][\/vc_row_inner][vc_empty_space height=\u00bb10px\u00bb][vc_empty_space height=\u00bb10px\u00bb][\/vc_column][\/vc_row][vc_row css_animation=\u00bb\u00bb row_type=\u00bbrow\u00bb use_row_as_full_screen_section=\u00bbno\u00bb type=\u00bbfull_width\u00bb angled_section=\u00bbno\u00bb text_align=\u00bbleft\u00bb background_image_as_pattern=\u00bbwithout_pattern\u00bb][vc_column][vc_empty_space][\/vc_column][\/vc_row][vc_row css_animation=\u00bb\u00bb row_type=\u00bbrow\u00bb use_row_as_full_screen_section=\u00bbno\u00bb type=\u00bbgrid\u00bb angled_section=\u00bbno\u00bb text_align=\u00bbleft\u00bb background_image_as_pattern=\u00bbwithout_pattern\u00bb z_index=\u00bb\u00bb][vc_column][vc_empty_space height=\u00bb10px\u00bb][vc_column_text]<\/p>\n<h2 style=\"text-align: center;\">Otros palets de pl\u00e1stico<\/h2>\n<p>[\/vc_column_text][vc_empty_space height=\u00bb30px\u00bb][vc_row_inner row_type=\u00bbrow\u00bb type=\u00bbfull_width\u00bb text_align=\u00bbleft\u00bb css_animation=\u00bb\u00bb el_class=\u00bbmobilebgcolor\u00bb][vc_column_inner width=\u00bb1\/2&#8243;][qode_elements_holder number_of_columns=\u00bbtwo_columns\u00bb columns_proportion=\u00bb33_66&#8243;][qode_elements_holder_item background_color=\u00bb#e9f2f1&#8243; advanced_animations=\u00bbno\u00bb][vc_single_image image=\u00bb1856&#8243; img_size=\u00bb169&#215;169&#8243; alignment=\u00bbcenter\u00bb style=\u00bbvc_box_border\u00bb border_color=\u00bbwhite\u00bb onclick=\u00bbcustom_link\u00bb qode_css_animation=\u00bb\u00bb qode_hover_animation=\u00bbdarken\u00bb link=\u00bbhttps:\/\/orbiseurope.eu\/es\/palets-para-bebidas\/\u00bb el_class=\u00bbsecondp\u00bb][\/qode_elements_holder_item][qode_elements_holder_item background_color=\u00bb#e9f2f1&#8243; advanced_animations=\u00bbno\u00bb custom_class=\u00bbproduktebox\u00bb][vc_column_text]<\/p>\n<h3>Palets para alimentos\/palets para bebidas<\/h3>\n<p>Para una sujeci\u00f3n optimizada<br \/>\nde latas, botellas y otros productos<\/p>\n<h4>1000 x 1200 \/ 1120 x 1300<br \/>\n1120 x 1420 \/ 1180 x 1265<\/h4>\n<p>[\/vc_column_text][vc_empty_space height=\u00bb0px\u00bb el_class=\u00bbabstandmobile\u00bb][\/qode_elements_holder_item][\/qode_elements_holder][\/vc_column_inner][\/vc_row_inner][vc_empty_space height=\u00bb50px\u00bb][\/vc_column][\/vc_row][vc_row css_animation=\u00bb\u00bb row_type=\u00bbrow\u00bb use_row_as_full_screen_section=\u00bbno\u00bb type=\u00bbfull_width\u00bb angled_section=\u00bbno\u00bb text_align=\u00bbleft\u00bb background_image_as_pattern=\u00bbwithout_pattern\u00bb][vc_column][\/vc_column][\/vc_row][vc_row css_animation=\u00bb\u00bb row_type=\u00bbrow\u00bb use_row_as_full_screen_section=\u00bbno\u00bb type=\u00bbgrid\u00bb angled_section=\u00bbno\u00bb text_align=\u00bbleft\u00bb background_image_as_pattern=\u00bbwithout_pattern\u00bb bg_type=\u00bbbg_color\u00bb z_index=\u00bb\u00bb bg_color_value=\u00bb#e9f2f1&#8243;][vc_column][vc_empty_space height=\u00bb20px\u00bb][vc_empty_space height=\u00bb30px\u00bb][vc_column_text]<\/p>\n<h2>Preguntas frecuentes sobre capas intermedias y collarines para palets<\/h2>\n<p>[\/vc_column_text][vc_empty_space height=\u00bb20px\u00bb][vc_column_text]<\/p>\n<h2><span style=\"font-size: 14pt;\">\u00bfQu\u00e9 son las capas intermedias de pl\u00e1stico?<\/span><\/h2>\n<p>Las capas intermedias de ORBIS Europe se han desarrollado para el transporte seguro y eficiente de latas de aluminio o acero, botellas de vidrio o pl\u00e1stico y otros envases s\u00f3lidos. Se colocan entre las capas para aumentar la estabilidad de las cargas. En combinaci\u00f3n con palets de pl\u00e1stico y collarines para palets, las capas resultan adecuadas para la industria de bebidas. Fabricadas totalmente en pl\u00e1stico, las capas intermedias de ORBIS son duraderas, repelentes al agua y f\u00e1ciles de limpiar para garantizar un r\u00e1pido retorno de la inversi\u00f3n. Podemos ofrecerle varios dise\u00f1os y opciones de adaptaci\u00f3n.[\/vc_column_text][vc_separator type=\u00bbnormal\u00bb color=\u00bbrgba(193,192,186,0.25)\u00bb thickness=\u00bb1&#8243; up=\u00bb15&#8243; down=\u00bb15&#8243;][vc_column_text]<\/p>\n<h2><span style=\"font-size: 14pt;\">\u00bfQu\u00e9 son los collarines para palets de pl\u00e1stico?<\/span><\/h2>\n<div class=\"vc_row wpb_row section vc_row-fluid grid_section\">\n<div class=\" section_inner clearfix\">\n<div class=\"section_inner_margin clearfix\">\n<div class=\"wpb_column vc_column_container vc_col-sm-12\">\n<div class=\"vc_column-inner\">\n<div class=\"wpb_wrapper\">\n<div class=\"wpb_text_column wpb_content_element \">\n<div class=\"wpb_wrapper\">\n<p>Las cargas pueden apilarse de forma eficiente y segura con los collarines para palets de ORBIS Europe. Su uso resulta especialmente adecuado para latas de aluminio o acero, botellas de vidrio o pl\u00e1stico y otros envases s\u00f3lidos que se transportan sobre palets. Su dise\u00f1o especial permite apilar las cargas con seguridad, pero tambi\u00e9n collarines vac\u00edos, para ahorrar espacio de almacenamiento sin refuerzos met\u00e1licos. Fabricados en pl\u00e1stico resistente, los collarines son totalmente reciclables. Adem\u00e1s, los collarines para palets pueden personalizarse con, por ejemplo, un logotipo, tama\u00f1os especiales o colores adicionales.<\/p>\n<\/div>\n<\/div>\n<\/div>\n<\/div>\n<\/div>\n<\/div>\n<\/div>\n<\/div>\n<p>[\/vc_column_text][vc_separator type=\u00bbnormal\u00bb color=\u00bbrgba(193,192,186,0.25)\u00bb thickness=\u00bb1&#8243; up=\u00bb15&#8243; down=\u00bb15&#8243;][vc_column_text]<\/p>\n<h2><span style=\"font-size: 14pt;\">\u00bfC\u00f3mo pueden las capas intermedias y los collarines para palets aumentar la protecci\u00f3n del producto en el palet?<\/span><\/h2>\n<p>Las empresas que utilizan palets durante sus procesos log\u00edsticos persiguen un objetivo principal: proteger de forma \u00f3ptima los productos durante el transporte y el almacenamiento. Las capas intermedias y los collarines para palets permiten apilar de forma estable las cargas y contribuyen significativamente al transporte seguro de latas, botellas y otros productos. Las versi\u00f3n de pl\u00e1stico evita da\u00f1os en los productos, que suelen estar provocados por el polvo o las astillas. Las soluciones de ORBIS son f\u00e1ciles de manejar para brindar mayor seguridad en el puesto de trabajo. Las superficies lisas, las esquinas redondeadas, el material antiest\u00e1tico y la resistencia qu\u00edmica representan otras de sus ventajas. Con los palets de pl\u00e1stico, las capas intermedias y los collarines para palets, sus productos quedan completamente protegidos con alternativas sostenibles a las soluciones convencionales.[\/vc_column_text][vc_empty_space][\/vc_column][\/vc_row]<\/p>\n<\/div>","protected":false},"excerpt":{"rendered":"<p>Die Mehrweg-Verpackungsl\u00f6sungen von ORBIS sind eine nachhaltige und moderne Alternative zu Stahlbeh\u00e4ltern, Gitterboxen oder Holzkisten. <\/p>\n","protected":false},"author":1,"featured_media":20437,"comment_status":"closed","ping_status":"closed","sticky":false,"template":"","format":"standard","meta":{"footnotes":"","_links_to":"","_links_to_target":""},"categories":[98],"tags":[],"class_list":["post-21381","post","type-post","status-publish","format-standard","has-post-thumbnail","hentry","category-privat-es"],"yoast_head":"<!-- This site is optimized with the Yoast SEO plugin v27.5 - https:\/\/yoast.com\/product\/yoast-seo-wordpress\/ -->\n<title>Capas intermedias estables para palets para bebidas - ORBIS Europe<\/title>\n<meta name=\"description\" content=\"Protecci\u00f3n integral del producto y apilado estable de cargas con capas intermedias, collarines para palets y palets de pl\u00e1stico.\" \/>\n<meta name=\"robots\" content=\"index, follow, max-snippet:-1, max-image-preview:large, max-video-preview:-1\" \/>\n<link rel=\"canonical\" href=\"https:\/\/orbiseurope.eu\/es\/capas-intermedias-collarines-palets\/\" \/>\n<meta property=\"og:locale\" content=\"es_ES\" \/>\n<meta property=\"og:type\" content=\"article\" \/>\n<meta property=\"og:title\" content=\"Capas intermedias estables para palets para bebidas - ORBIS Europe\" \/>\n<meta property=\"og:description\" content=\"Protecci\u00f3n integral del producto y apilado estable de cargas con capas intermedias, collarines para palets y palets de pl\u00e1stico.\" \/>\n<meta property=\"og:url\" content=\"https:\/\/orbiseurope.eu\/es\/capas-intermedias-collarines-palets\/\" \/>\n<meta property=\"og:site_name\" content=\"ORBIS Europe\" \/>\n<meta property=\"article:published_time\" content=\"2023-10-19T07:57:07+00:00\" \/>\n<meta property=\"article:modified_time\" content=\"2025-07-01T18:09:33+00:00\" \/>\n<meta property=\"og:image\" content=\"https:\/\/orbiseurope.eu\/wp-content\/uploads\/2020\/05\/IMG_7922.jpg\" \/>\n\t<meta property=\"og:image:width\" content=\"4032\" \/>\n\t<meta property=\"og:image:height\" content=\"3024\" \/>\n\t<meta property=\"og:image:type\" content=\"image\/jpeg\" \/>\n<meta name=\"author\" content=\"orbis_webmaster\" \/>\n<meta name=\"twitter:card\" content=\"summary_large_image\" \/>\n<meta name=\"twitter:label1\" content=\"Escrito por\" \/>\n\t<meta name=\"twitter:data1\" content=\"orbis_webmaster\" \/>\n\t<meta name=\"twitter:label2\" content=\"Tiempo de lectura\" \/>\n\t<meta name=\"twitter:data2\" content=\"8 minutos\" \/>\n<script type=\"application\/ld+json\" class=\"yoast-schema-graph\">{\"@context\":\"https:\\\/\\\/schema.org\",\"@graph\":[{\"@type\":\"Article\",\"@id\":\"https:\\\/\\\/orbiseurope.eu\\\/es\\\/capas-intermedias-collarines-palets\\\/#article\",\"isPartOf\":{\"@id\":\"https:\\\/\\\/orbiseurope.eu\\\/es\\\/capas-intermedias-collarines-palets\\\/\"},\"author\":{\"name\":\"orbis_webmaster\",\"@id\":\"https:\\\/\\\/orbiseurope.eu\\\/#\\\/schema\\\/person\\\/139d8e71812139ed32d84498f7ce4606\"},\"headline\":\"Capas Intermedias y Collarines\",\"datePublished\":\"2023-10-19T07:57:07+00:00\",\"dateModified\":\"2025-07-01T18:09:33+00:00\",\"mainEntityOfPage\":{\"@id\":\"https:\\\/\\\/orbiseurope.eu\\\/es\\\/capas-intermedias-collarines-palets\\\/\"},\"wordCount\":2421,\"image\":{\"@id\":\"https:\\\/\\\/orbiseurope.eu\\\/es\\\/capas-intermedias-collarines-palets\\\/#primaryimage\"},\"thumbnailUrl\":\"https:\\\/\\\/orbiseurope.eu\\\/wp-content\\\/uploads\\\/2020\\\/05\\\/IMG_7922.jpg\",\"articleSection\":[\"Privat\"],\"inLanguage\":\"es\"},{\"@type\":\"WebPage\",\"@id\":\"https:\\\/\\\/orbiseurope.eu\\\/es\\\/capas-intermedias-collarines-palets\\\/\",\"url\":\"https:\\\/\\\/orbiseurope.eu\\\/es\\\/capas-intermedias-collarines-palets\\\/\",\"name\":\"Capas intermedias estables para palets para bebidas - ORBIS Europe\",\"isPartOf\":{\"@id\":\"https:\\\/\\\/orbiseurope.eu\\\/#website\"},\"primaryImageOfPage\":{\"@id\":\"https:\\\/\\\/orbiseurope.eu\\\/es\\\/capas-intermedias-collarines-palets\\\/#primaryimage\"},\"image\":{\"@id\":\"https:\\\/\\\/orbiseurope.eu\\\/es\\\/capas-intermedias-collarines-palets\\\/#primaryimage\"},\"thumbnailUrl\":\"https:\\\/\\\/orbiseurope.eu\\\/wp-content\\\/uploads\\\/2020\\\/05\\\/IMG_7922.jpg\",\"datePublished\":\"2023-10-19T07:57:07+00:00\",\"dateModified\":\"2025-07-01T18:09:33+00:00\",\"author\":{\"@id\":\"https:\\\/\\\/orbiseurope.eu\\\/#\\\/schema\\\/person\\\/139d8e71812139ed32d84498f7ce4606\"},\"description\":\"Protecci\u00f3n integral del producto y apilado estable de cargas con capas intermedias, collarines para palets y palets de pl\u00e1stico.\",\"breadcrumb\":{\"@id\":\"https:\\\/\\\/orbiseurope.eu\\\/es\\\/capas-intermedias-collarines-palets\\\/#breadcrumb\"},\"inLanguage\":\"es\",\"potentialAction\":[{\"@type\":\"ReadAction\",\"target\":[\"https:\\\/\\\/orbiseurope.eu\\\/es\\\/capas-intermedias-collarines-palets\\\/\"]}]},{\"@type\":\"ImageObject\",\"inLanguage\":\"es\",\"@id\":\"https:\\\/\\\/orbiseurope.eu\\\/es\\\/capas-intermedias-collarines-palets\\\/#primaryimage\",\"url\":\"https:\\\/\\\/orbiseurope.eu\\\/wp-content\\\/uploads\\\/2020\\\/05\\\/IMG_7922.jpg\",\"contentUrl\":\"https:\\\/\\\/orbiseurope.eu\\\/wp-content\\\/uploads\\\/2020\\\/05\\\/IMG_7922.jpg\",\"width\":4032,\"height\":3024},{\"@type\":\"BreadcrumbList\",\"@id\":\"https:\\\/\\\/orbiseurope.eu\\\/es\\\/capas-intermedias-collarines-palets\\\/#breadcrumb\",\"itemListElement\":[{\"@type\":\"ListItem\",\"position\":1,\"name\":\"Startseite\",\"item\":\"https:\\\/\\\/orbiseurope.eu\\\/es\\\/\"},{\"@type\":\"ListItem\",\"position\":2,\"name\":\"Capas Intermedias y Collarines\"}]},{\"@type\":\"WebSite\",\"@id\":\"https:\\\/\\\/orbiseurope.eu\\\/#website\",\"url\":\"https:\\\/\\\/orbiseurope.eu\\\/\",\"name\":\"ORBIS Europe\",\"description\":\"Innovative Packaging Solutions\",\"potentialAction\":[{\"@type\":\"SearchAction\",\"target\":{\"@type\":\"EntryPoint\",\"urlTemplate\":\"https:\\\/\\\/orbiseurope.eu\\\/?s={search_term_string}\"},\"query-input\":{\"@type\":\"PropertyValueSpecification\",\"valueRequired\":true,\"valueName\":\"search_term_string\"}}],\"inLanguage\":\"es\"},{\"@type\":\"Person\",\"@id\":\"https:\\\/\\\/orbiseurope.eu\\\/#\\\/schema\\\/person\\\/139d8e71812139ed32d84498f7ce4606\",\"name\":\"orbis_webmaster\",\"url\":\"https:\\\/\\\/orbiseurope.eu\\\/es\\\/author\\\/orbis_webmaster\\\/\"}]}<\/script>\n<!-- \/ Yoast SEO plugin. -->","yoast_head_json":{"title":"Capas intermedias estables para palets para bebidas - ORBIS Europe","description":"Protecci\u00f3n integral del producto y apilado estable de cargas con capas intermedias, collarines para palets y palets de pl\u00e1stico.","robots":{"index":"index","follow":"follow","max-snippet":"max-snippet:-1","max-image-preview":"max-image-preview:large","max-video-preview":"max-video-preview:-1"},"canonical":"https:\/\/orbiseurope.eu\/es\/capas-intermedias-collarines-palets\/","og_locale":"es_ES","og_type":"article","og_title":"Capas intermedias estables para palets para bebidas - ORBIS Europe","og_description":"Protecci\u00f3n integral del producto y apilado estable de cargas con capas intermedias, collarines para palets y palets de pl\u00e1stico.","og_url":"https:\/\/orbiseurope.eu\/es\/capas-intermedias-collarines-palets\/","og_site_name":"ORBIS Europe","article_published_time":"2023-10-19T07:57:07+00:00","article_modified_time":"2025-07-01T18:09:33+00:00","og_image":[{"url":"https:\/\/orbiseurope.eu\/wp-content\/uploads\/2020\/05\/IMG_7922.jpg","width":4032,"height":3024,"type":"image\/jpeg"}],"author":"orbis_webmaster","twitter_card":"summary_large_image","twitter_misc":{"Escrito por":"orbis_webmaster","Tiempo de lectura":"8 minutos"},"schema":{"@context":"https:\/\/schema.org","@graph":[{"@type":"Article","@id":"https:\/\/orbiseurope.eu\/es\/capas-intermedias-collarines-palets\/#article","isPartOf":{"@id":"https:\/\/orbiseurope.eu\/es\/capas-intermedias-collarines-palets\/"},"author":{"name":"orbis_webmaster","@id":"https:\/\/orbiseurope.eu\/#\/schema\/person\/139d8e71812139ed32d84498f7ce4606"},"headline":"Capas Intermedias y Collarines","datePublished":"2023-10-19T07:57:07+00:00","dateModified":"2025-07-01T18:09:33+00:00","mainEntityOfPage":{"@id":"https:\/\/orbiseurope.eu\/es\/capas-intermedias-collarines-palets\/"},"wordCount":2421,"image":{"@id":"https:\/\/orbiseurope.eu\/es\/capas-intermedias-collarines-palets\/#primaryimage"},"thumbnailUrl":"https:\/\/orbiseurope.eu\/wp-content\/uploads\/2020\/05\/IMG_7922.jpg","articleSection":["Privat"],"inLanguage":"es"},{"@type":"WebPage","@id":"https:\/\/orbiseurope.eu\/es\/capas-intermedias-collarines-palets\/","url":"https:\/\/orbiseurope.eu\/es\/capas-intermedias-collarines-palets\/","name":"Capas intermedias estables para palets para bebidas - ORBIS Europe","isPartOf":{"@id":"https:\/\/orbiseurope.eu\/#website"},"primaryImageOfPage":{"@id":"https:\/\/orbiseurope.eu\/es\/capas-intermedias-collarines-palets\/#primaryimage"},"image":{"@id":"https:\/\/orbiseurope.eu\/es\/capas-intermedias-collarines-palets\/#primaryimage"},"thumbnailUrl":"https:\/\/orbiseurope.eu\/wp-content\/uploads\/2020\/05\/IMG_7922.jpg","datePublished":"2023-10-19T07:57:07+00:00","dateModified":"2025-07-01T18:09:33+00:00","author":{"@id":"https:\/\/orbiseurope.eu\/#\/schema\/person\/139d8e71812139ed32d84498f7ce4606"},"description":"Protecci\u00f3n integral del producto y apilado estable de cargas con capas intermedias, collarines para palets y palets de pl\u00e1stico.","breadcrumb":{"@id":"https:\/\/orbiseurope.eu\/es\/capas-intermedias-collarines-palets\/#breadcrumb"},"inLanguage":"es","potentialAction":[{"@type":"ReadAction","target":["https:\/\/orbiseurope.eu\/es\/capas-intermedias-collarines-palets\/"]}]},{"@type":"ImageObject","inLanguage":"es","@id":"https:\/\/orbiseurope.eu\/es\/capas-intermedias-collarines-palets\/#primaryimage","url":"https:\/\/orbiseurope.eu\/wp-content\/uploads\/2020\/05\/IMG_7922.jpg","contentUrl":"https:\/\/orbiseurope.eu\/wp-content\/uploads\/2020\/05\/IMG_7922.jpg","width":4032,"height":3024},{"@type":"BreadcrumbList","@id":"https:\/\/orbiseurope.eu\/es\/capas-intermedias-collarines-palets\/#breadcrumb","itemListElement":[{"@type":"ListItem","position":1,"name":"Startseite","item":"https:\/\/orbiseurope.eu\/es\/"},{"@type":"ListItem","position":2,"name":"Capas Intermedias y Collarines"}]},{"@type":"WebSite","@id":"https:\/\/orbiseurope.eu\/#website","url":"https:\/\/orbiseurope.eu\/","name":"ORBIS Europe","description":"Innovative Packaging Solutions","potentialAction":[{"@type":"SearchAction","target":{"@type":"EntryPoint","urlTemplate":"https:\/\/orbiseurope.eu\/?s={search_term_string}"},"query-input":{"@type":"PropertyValueSpecification","valueRequired":true,"valueName":"search_term_string"}}],"inLanguage":"es"},{"@type":"Person","@id":"https:\/\/orbiseurope.eu\/#\/schema\/person\/139d8e71812139ed32d84498f7ce4606","name":"orbis_webmaster","url":"https:\/\/orbiseurope.eu\/es\/author\/orbis_webmaster\/"}]}},"_links":{"self":[{"href":"https:\/\/orbiseurope.eu\/es\/wp-json\/wp\/v2\/posts\/21381","targetHints":{"allow":["GET"]}}],"collection":[{"href":"https:\/\/orbiseurope.eu\/es\/wp-json\/wp\/v2\/posts"}],"about":[{"href":"https:\/\/orbiseurope.eu\/es\/wp-json\/wp\/v2\/types\/post"}],"author":[{"embeddable":true,"href":"https:\/\/orbiseurope.eu\/es\/wp-json\/wp\/v2\/users\/1"}],"replies":[{"embeddable":true,"href":"https:\/\/orbiseurope.eu\/es\/wp-json\/wp\/v2\/comments?post=21381"}],"version-history":[{"count":6,"href":"https:\/\/orbiseurope.eu\/es\/wp-json\/wp\/v2\/posts\/21381\/revisions"}],"predecessor-version":[{"id":22771,"href":"https:\/\/orbiseurope.eu\/es\/wp-json\/wp\/v2\/posts\/21381\/revisions\/22771"}],"wp:featuredmedia":[{"embeddable":true,"href":"https:\/\/orbiseurope.eu\/es\/wp-json\/wp\/v2\/media\/20437"}],"wp:attachment":[{"href":"https:\/\/orbiseurope.eu\/es\/wp-json\/wp\/v2\/media?parent=21381"}],"wp:term":[{"taxonomy":"category","embeddable":true,"href":"https:\/\/orbiseurope.eu\/es\/wp-json\/wp\/v2\/categories?post=21381"},{"taxonomy":"post_tag","embeddable":true,"href":"https:\/\/orbiseurope.eu\/es\/wp-json\/wp\/v2\/tags?post=21381"}],"curies":[{"name":"wp","href":"https:\/\/api.w.org\/{rel}","templated":true}]}}